{"id":12789,"date":"2020-07-07T21:52:38","date_gmt":"2020-07-07T21:52:38","guid":{"rendered":"https:\/\/alprofitconsult.al\/?p=12789"},"modified":"2020-07-07T21:52:38","modified_gmt":"2020-07-07T21:52:38","slug":"draft-law-on-fiscal-and-penal-amnesty-for-entities-that-voluntarily-declare-assets","status":"publish","type":"post","link":"https:\/\/alprofitconsult.al\/en\/projektligji-per-amnistine-fiskale-dhe-penale-per-subjektet-qe-bejne-deklarim-vullnetar-te-pasurive\/","title":{"rendered":"Draft Law on Fiscal and Penal Amnesty for Entities Making Voluntary Declaration of Assets"},"content":{"rendered":"<div class=\"firstP\">\n<p>The Ministry of Finance and Economy has drafted the bill.\u00a0<a href=\"https:\/\/alprofitconsult.al\/wp-content\/uploads\/2020\/07\/RENJK_286_projektligji-i-amnistis\u00eb-fiskale.docx\"> \u201cOn the fiscal and penal amnesty for entities that voluntarily declare assets.\u201d<\/a> which will soon be submitted to Parliament for approval. This draft law has a one-year duration and provides for fiscal and penal amnesty for those who declare it voluntarily.<\/p>\n<\/div>\n<p>Beneficiaries of the amnesty will include all Albanian citizens, regardless of where they live, as well as natural and legal persons, resident taxpayers, and individuals who are tax residents of the Republic of Albania, regardless of their nationality.<\/p>\n<p>Excluded from the amnesty are high-ranking state officials, from the president, prime minister, ministers, and deputies down to civil servants, prefects, directors, prosecutors, judges, or even police chiefs. Also excluded from the amnesty are those who have held high offices or positions, individuals with criminal records, or those accused of financing terrorism.<\/p>\n<p>Voluntary declaration of assets will be carried out through a structure to be established within the General Directorate of Taxation, at second-tier banks including financial institutions, at the counter or online.<\/p>\n<p>A key element of this amnesty is how it will be taxed: under the draft law, income or real estate tax will be applied in three brackets, ranging from 5 to 10 percent depending on the speed of voluntary disclosure. Thus, anyone who files the declaration and makes the payment within four months of the law's entry into force will pay 5 % on the amnestied assets, those who make the declaration in the second quarter will pay 7 %, while those who declare in the third quarter will pay 10% of the amnestied assets.<\/p>\n<p>Source: <a href=\"https:\/\/www.konsultimipublik.gov.al\/\">publicconsultation.gov.al<\/a><\/p>\n<p>Download P\/Ligjin: <a href=\"https:\/\/alprofitconsult.al\/wp-content\/uploads\/2020\/07\/RENJK_286_projektligji-i-amnistis\u00eb-fiskale.docx\">RENJK_286_draft fiscal amnesty bill<\/a><\/p>\n<p>Download the report: <a href=\"https:\/\/alprofitconsult.al\/wp-content\/uploads\/2020\/07\/RENJK_286_30-06-2020-RELACION-Per-amistine-fiskale-dhe-penale-per-subjektet-qe-bejne-deklarim-vullnetar-te-pasurive-1.doc\">RENJK_286_30 06 2020 RELATION On fiscal and criminal amnesty for entities making a voluntary declaration of assets (1)<\/a><\/p>","protected":false},"excerpt":{"rendered":"<p>Ministria e Financave dhe Ekonomis\u00eb ka hartuar projektligjin\u00a0 \u201cPer amnistin\u00eb fiskale dhe penale per subjektet qe b\u00ebjn\u00eb deklarim vullnetar te pasurive\u201d i cili s\u00eb shpejti do t\u00eb shkoj\u00eb n\u00eb Kuvend p\u00ebr miratim. Ky projektligj ka afat nj\u00eb vje\u00e7ar dhe mund\u00ebson amnistin\u00eb fiskale dhe penale p\u00ebr ata q\u00eb e deklarojn\u00eb vullnetarisht. P\u00ebrfitues t\u00eb amnistis\u00eb do t\u00eb [&hellip;]<\/p>\n","protected":false},"author":1,"featured_media":12792,"comment_status":"open","ping_status":"open","sticky":false,"template":"","format":"standard","meta":{"footnotes":""},"categories":[47,100,1],"tags":[70,158,159,160,140,85,109],"class_list":["post-12789","post","type-post","status-publish","format-standard","has-post-thumbnail","hentry","category-news","category-tatime","category-uncategorized","tag-alprofitconsult","tag-aministi-fiskale","tag-falje","tag-legalizim","tag-lehtesira-tatimore","tag-ndryshime-ligjore","tag-zyre-kontabiliteti"],"yoast_head":"<!-- This site is optimized with the Yoast SEO plugin v26.5 - https:\/\/yoast.com\/wordpress\/plugins\/seo\/ -->\n<title>Projektligji p\u00ebr Amnistin\u00eb Fiskale Dhe Penale P\u00ebr Subjektet Q\u00eb B\u00ebjn\u00eb Deklarim Vullnetar T\u00eb Pasurive - AlProfit Consult<\/title>\n<meta name=\"robots\" content=\"index, follow, max-snippet:-1, max-image-preview:large, max-video-preview:-1\" \/>\n<link rel=\"canonical\" href=\"https:\/\/alprofitconsult.al\/en\/draft-law-on-fiscal-and-penal-amnesty-for-entities-that-voluntarily-declare-assets\/\" \/>\n<meta property=\"og:locale\" content=\"en_US\" \/>\n<meta property=\"og:type\" content=\"article\" \/>\n<meta property=\"og:title\" content=\"Projektligji p\u00ebr Amnistin\u00eb Fiskale Dhe Penale P\u00ebr Subjektet Q\u00eb B\u00ebjn\u00eb Deklarim Vullnetar T\u00eb Pasurive - AlProfit Consult\" \/>\n<meta property=\"og:description\" content=\"Ministria e Financave dhe Ekonomis\u00eb ka hartuar projektligjin\u00a0 \u201cPer amnistin\u00eb fiskale dhe penale per subjektet qe b\u00ebjn\u00eb deklarim vullnetar te pasurive\u201d i cili s\u00eb shpejti do t\u00eb shkoj\u00eb n\u00eb Kuvend p\u00ebr miratim. Ky projektligj ka afat nj\u00eb vje\u00e7ar dhe mund\u00ebson amnistin\u00eb fiskale dhe penale p\u00ebr ata q\u00eb e deklarojn\u00eb vullnetarisht. P\u00ebrfitues t\u00eb amnistis\u00eb do t\u00eb [&hellip;]\" \/>\n<meta property=\"og:url\" content=\"https:\/\/alprofitconsult.al\/en\/draft-law-on-fiscal-and-penal-amnesty-for-entities-that-voluntarily-declare-assets\/\" \/>\n<meta property=\"og:site_name\" content=\"AlProfit Consult\" \/>\n<meta property=\"article:publisher\" content=\"https:\/\/www.facebook.com\/AlProfitConsult\/\" \/>\n<meta property=\"article:author\" content=\"https:\/\/www.facebook.com\/AlProfitConsult\/\" \/>\n<meta property=\"article:published_time\" content=\"2020-07-07T21:52:38+00:00\" \/>\n<meta property=\"og:image\" content=\"https:\/\/alprofitconsult.al\/wp-content\/uploads\/2020\/07\/maxresdefault.jpg\" \/>\n\t<meta property=\"og:image:width\" content=\"1280\" \/>\n\t<meta property=\"og:image:height\" content=\"720\" \/>\n\t<meta property=\"og:image:type\" content=\"image\/jpeg\" \/>\n<meta name=\"author\" content=\"admin\" \/>\n<meta name=\"twitter:card\" content=\"summary_large_image\" \/>\n<meta name=\"twitter:creator\" content=\"@AlProfitConsult\" \/>\n<meta name=\"twitter:site\" content=\"@AlProfitConsult\" \/>\n<meta name=\"twitter:label1\" content=\"Written by\" \/>\n\t<meta name=\"twitter:data1\" content=\"admin\" \/>\n\t<meta name=\"twitter:label2\" content=\"Est. reading time\" \/>\n\t<meta name=\"twitter:data2\" content=\"2 minutes\" \/>\n<script type=\"application\/ld+json\" class=\"yoast-schema-graph\">{\"@context\":\"https:\/\/schema.org\",\"@graph\":[{\"@type\":\"Article\",\"@id\":\"https:\/\/alprofitconsult.al\/en\/projektligji-per-amnistine-fiskale-dhe-penale-per-subjektet-qe-bejne-deklarim-vullnetar-te-pasurive\/#article\",\"isPartOf\":{\"@id\":\"https:\/\/alprofitconsult.al\/en\/projektligji-per-amnistine-fiskale-dhe-penale-per-subjektet-qe-bejne-deklarim-vullnetar-te-pasurive\/\"},\"author\":{\"name\":\"admin\",\"@id\":\"https:\/\/alprofitconsult.al\/#\/schema\/person\/6b9ac6ae1535adaed60182dcc6afd3ce\"},\"headline\":\"Projektligji p\u00ebr Amnistin\u00eb Fiskale Dhe Penale P\u00ebr Subjektet Q\u00eb B\u00ebjn\u00eb Deklarim Vullnetar T\u00eb Pasurive\",\"datePublished\":\"2020-07-07T21:52:38+00:00\",\"mainEntityOfPage\":{\"@id\":\"https:\/\/alprofitconsult.al\/en\/projektligji-per-amnistine-fiskale-dhe-penale-per-subjektet-qe-bejne-deklarim-vullnetar-te-pasurive\/\"},\"wordCount\":345,\"commentCount\":0,\"publisher\":{\"@id\":\"https:\/\/alprofitconsult.al\/#organization\"},\"image\":{\"@id\":\"https:\/\/alprofitconsult.al\/en\/projektligji-per-amnistine-fiskale-dhe-penale-per-subjektet-qe-bejne-deklarim-vullnetar-te-pasurive\/#primaryimage\"},\"thumbnailUrl\":\"https:\/\/alprofitconsult.al\/wp-content\/uploads\/2020\/07\/maxresdefault.jpg\",\"keywords\":[\"AlProfitConsult\",\"Aministi Fiskale\",\"Falje\",\"Legalizim\",\"Leht\u00ebsira tatimore\",\"Ndryshime Ligjore\",\"Zyre Kontabiliteti\"],\"articleSection\":[\"Lajme\",\"Tatime\",\"T\u00eb tjera\"],\"inLanguage\":\"en-US\",\"potentialAction\":[{\"@type\":\"CommentAction\",\"name\":\"Comment\",\"target\":[\"https:\/\/alprofitconsult.al\/en\/projektligji-per-amnistine-fiskale-dhe-penale-per-subjektet-qe-bejne-deklarim-vullnetar-te-pasurive\/#respond\"]}]},{\"@type\":\"WebPage\",\"@id\":\"https:\/\/alprofitconsult.al\/en\/projektligji-per-amnistine-fiskale-dhe-penale-per-subjektet-qe-bejne-deklarim-vullnetar-te-pasurive\/\",\"url\":\"https:\/\/alprofitconsult.al\/en\/projektligji-per-amnistine-fiskale-dhe-penale-per-subjektet-qe-bejne-deklarim-vullnetar-te-pasurive\/\",\"name\":\"Projektligji p\u00ebr Amnistin\u00eb Fiskale Dhe Penale P\u00ebr Subjektet Q\u00eb B\u00ebjn\u00eb Deklarim Vullnetar T\u00eb Pasurive - AlProfit Consult\",\"isPartOf\":{\"@id\":\"https:\/\/alprofitconsult.al\/#website\"},\"primaryImageOfPage\":{\"@id\":\"https:\/\/alprofitconsult.al\/en\/projektligji-per-amnistine-fiskale-dhe-penale-per-subjektet-qe-bejne-deklarim-vullnetar-te-pasurive\/#primaryimage\"},\"image\":{\"@id\":\"https:\/\/alprofitconsult.al\/en\/projektligji-per-amnistine-fiskale-dhe-penale-per-subjektet-qe-bejne-deklarim-vullnetar-te-pasurive\/#primaryimage\"},\"thumbnailUrl\":\"https:\/\/alprofitconsult.al\/wp-content\/uploads\/2020\/07\/maxresdefault.jpg\",\"datePublished\":\"2020-07-07T21:52:38+00:00\",\"breadcrumb\":{\"@id\":\"https:\/\/alprofitconsult.al\/en\/projektligji-per-amnistine-fiskale-dhe-penale-per-subjektet-qe-bejne-deklarim-vullnetar-te-pasurive\/#breadcrumb\"},\"inLanguage\":\"en-US\",\"potentialAction\":[{\"@type\":\"ReadAction\",\"target\":[\"https:\/\/alprofitconsult.al\/en\/projektligji-per-amnistine-fiskale-dhe-penale-per-subjektet-qe-bejne-deklarim-vullnetar-te-pasurive\/\"]}]},{\"@type\":\"ImageObject\",\"inLanguage\":\"en-US\",\"@id\":\"https:\/\/alprofitconsult.al\/en\/projektligji-per-amnistine-fiskale-dhe-penale-per-subjektet-qe-bejne-deklarim-vullnetar-te-pasurive\/#primaryimage\",\"url\":\"https:\/\/alprofitconsult.al\/wp-content\/uploads\/2020\/07\/maxresdefault.jpg\",\"contentUrl\":\"https:\/\/alprofitconsult.al\/wp-content\/uploads\/2020\/07\/maxresdefault.jpg\",\"width\":1280,\"height\":720},{\"@type\":\"BreadcrumbList\",\"@id\":\"https:\/\/alprofitconsult.al\/en\/projektligji-per-amnistine-fiskale-dhe-penale-per-subjektet-qe-bejne-deklarim-vullnetar-te-pasurive\/#breadcrumb\",\"itemListElement\":[{\"@type\":\"ListItem\",\"position\":1,\"name\":\"Kryefaqe\",\"item\":\"https:\/\/alprofitconsult.al\/\"},{\"@type\":\"ListItem\",\"position\":2,\"name\":\"Projektligji p\u00ebr Amnistin\u00eb Fiskale Dhe Penale P\u00ebr Subjektet Q\u00eb B\u00ebjn\u00eb Deklarim Vullnetar T\u00eb Pasurive\"}]},{\"@type\":\"WebSite\",\"@id\":\"https:\/\/alprofitconsult.al\/#website\",\"url\":\"https:\/\/alprofitconsult.al\/\",\"name\":\"AlProfit Consult\",\"description\":\"Zyr\u00eb Kontabiliteti\",\"publisher\":{\"@id\":\"https:\/\/alprofitconsult.al\/#organization\"},\"potentialAction\":[{\"@type\":\"SearchAction\",\"target\":{\"@type\":\"EntryPoint\",\"urlTemplate\":\"https:\/\/alprofitconsult.al\/?s={search_term_string}\"},\"query-input\":{\"@type\":\"PropertyValueSpecification\",\"valueRequired\":true,\"valueName\":\"search_term_string\"}}],\"inLanguage\":\"en-US\"},{\"@type\":\"Organization\",\"@id\":\"https:\/\/alprofitconsult.al\/#organization\",\"name\":\"Alprofit Consult\",\"url\":\"https:\/\/alprofitconsult.al\/\",\"logo\":{\"@type\":\"ImageObject\",\"inLanguage\":\"en-US\",\"@id\":\"https:\/\/alprofitconsult.al\/#\/schema\/logo\/image\/\",\"url\":\"https:\/\/alprofitconsult.al\/wp-content\/uploads\/2022\/10\/logoalprofit.png\",\"contentUrl\":\"https:\/\/alprofitconsult.al\/wp-content\/uploads\/2022\/10\/logoalprofit.png\",\"width\":529,\"height\":156,\"caption\":\"Alprofit Consult\"},\"image\":{\"@id\":\"https:\/\/alprofitconsult.al\/#\/schema\/logo\/image\/\"},\"sameAs\":[\"https:\/\/www.facebook.com\/AlProfitConsult\/\",\"https:\/\/x.com\/AlProfitConsult\",\"https:\/\/www.linkedin.com\/company\/andi-haxhillari\/\",\"https:\/\/www.pinterest.com\/AlProfitConsult\/\",\"https:\/\/www.youtube.com\/channel\/UCZ5Gfntn161Nla3g1XdRldA\",\"https:\/\/sq.wikipedia.org\/wiki\/P\u00ebrdoruesi:Andi25~sqwiki\"]},{\"@type\":\"Person\",\"@id\":\"https:\/\/alprofitconsult.al\/#\/schema\/person\/6b9ac6ae1535adaed60182dcc6afd3ce\",\"name\":\"admin\",\"image\":{\"@type\":\"ImageObject\",\"inLanguage\":\"en-US\",\"@id\":\"https:\/\/alprofitconsult.al\/#\/schema\/person\/image\/\",\"url\":\"https:\/\/secure.gravatar.com\/avatar\/7a874d9ff0fc8c6c429bcdb7445d037ce6ea37a42090de7c389e943deb01743c?s=96&d=mm&r=g\",\"contentUrl\":\"https:\/\/secure.gravatar.com\/avatar\/7a874d9ff0fc8c6c429bcdb7445d037ce6ea37a42090de7c389e943deb01743c?s=96&d=mm&r=g\",\"caption\":\"admin\"},\"sameAs\":[\"https:\/\/alprofitconsult.al\/\",\"https:\/\/www.facebook.com\/AlProfitConsult\/\",\"https:\/\/www.instagram.com\/alprofitconsult\/\"],\"url\":\"https:\/\/alprofitconsult.al\/en\/author\/admin\/\"}]}<\/script>\n<!-- \/ Yoast SEO plugin. -->","yoast_head_json":{"title":"Draft Law on Fiscal and Penal Amnesty for Entities That Submit a Voluntary Declaration of Assets \u2013 AlProfit Consult","robots":{"index":"index","follow":"follow","max-snippet":"max-snippet:-1","max-image-preview":"max-image-preview:large","max-video-preview":"max-video-preview:-1"},"canonical":"https:\/\/alprofitconsult.al\/en\/draft-law-on-fiscal-and-penal-amnesty-for-entities-that-voluntarily-declare-assets\/","og_locale":"en_US","og_type":"article","og_title":"Projektligji p\u00ebr Amnistin\u00eb Fiskale Dhe Penale P\u00ebr Subjektet Q\u00eb B\u00ebjn\u00eb Deklarim Vullnetar T\u00eb Pasurive - AlProfit Consult","og_description":"Ministria e Financave dhe Ekonomis\u00eb ka hartuar projektligjin\u00a0 \u201cPer amnistin\u00eb fiskale dhe penale per subjektet qe b\u00ebjn\u00eb deklarim vullnetar te pasurive\u201d i cili s\u00eb shpejti do t\u00eb shkoj\u00eb n\u00eb Kuvend p\u00ebr miratim. Ky projektligj ka afat nj\u00eb vje\u00e7ar dhe mund\u00ebson amnistin\u00eb fiskale dhe penale p\u00ebr ata q\u00eb e deklarojn\u00eb vullnetarisht. P\u00ebrfitues t\u00eb amnistis\u00eb do t\u00eb [&hellip;]","og_url":"https:\/\/alprofitconsult.al\/en\/draft-law-on-fiscal-and-penal-amnesty-for-entities-that-voluntarily-declare-assets\/","og_site_name":"AlProfit Consult","article_publisher":"https:\/\/www.facebook.com\/AlProfitConsult\/","article_author":"https:\/\/www.facebook.com\/AlProfitConsult\/","article_published_time":"2020-07-07T21:52:38+00:00","og_image":[{"width":1280,"height":720,"url":"https:\/\/alprofitconsult.al\/wp-content\/uploads\/2020\/07\/maxresdefault.jpg","type":"image\/jpeg"}],"author":"admin","twitter_card":"summary_large_image","twitter_creator":"@AlProfitConsult","twitter_site":"@AlProfitConsult","twitter_misc":{"Written by":"admin","Est. reading time":"2 minutes"},"schema":{"@context":"https:\/\/schema.org","@graph":[{"@type":"Article","@id":"https:\/\/alprofitconsult.al\/en\/projektligji-per-amnistine-fiskale-dhe-penale-per-subjektet-qe-bejne-deklarim-vullnetar-te-pasurive\/#article","isPartOf":{"@id":"https:\/\/alprofitconsult.al\/en\/projektligji-per-amnistine-fiskale-dhe-penale-per-subjektet-qe-bejne-deklarim-vullnetar-te-pasurive\/"},"author":{"name":"admin","@id":"https:\/\/alprofitconsult.al\/#\/schema\/person\/6b9ac6ae1535adaed60182dcc6afd3ce"},"headline":"Projektligji p\u00ebr Amnistin\u00eb Fiskale Dhe Penale P\u00ebr Subjektet Q\u00eb B\u00ebjn\u00eb Deklarim Vullnetar T\u00eb Pasurive","datePublished":"2020-07-07T21:52:38+00:00","mainEntityOfPage":{"@id":"https:\/\/alprofitconsult.al\/en\/projektligji-per-amnistine-fiskale-dhe-penale-per-subjektet-qe-bejne-deklarim-vullnetar-te-pasurive\/"},"wordCount":345,"commentCount":0,"publisher":{"@id":"https:\/\/alprofitconsult.al\/#organization"},"image":{"@id":"https:\/\/alprofitconsult.al\/en\/projektligji-per-amnistine-fiskale-dhe-penale-per-subjektet-qe-bejne-deklarim-vullnetar-te-pasurive\/#primaryimage"},"thumbnailUrl":"https:\/\/alprofitconsult.al\/wp-content\/uploads\/2020\/07\/maxresdefault.jpg","keywords":["AlProfitConsult","Aministi Fiskale","Falje","Legalizim","Leht\u00ebsira tatimore","Ndryshime Ligjore","Zyre Kontabiliteti"],"articleSection":["Lajme","Tatime","T\u00eb tjera"],"inLanguage":"en-US","potentialAction":[{"@type":"CommentAction","name":"Comment","target":["https:\/\/alprofitconsult.al\/en\/projektligji-per-amnistine-fiskale-dhe-penale-per-subjektet-qe-bejne-deklarim-vullnetar-te-pasurive\/#respond"]}]},{"@type":"WebPage","@id":"https:\/\/alprofitconsult.al\/en\/projektligji-per-amnistine-fiskale-dhe-penale-per-subjektet-qe-bejne-deklarim-vullnetar-te-pasurive\/","url":"https:\/\/alprofitconsult.al\/en\/projektligji-per-amnistine-fiskale-dhe-penale-per-subjektet-qe-bejne-deklarim-vullnetar-te-pasurive\/","name":"Draft Law on Fiscal and Penal Amnesty for Entities That Submit a Voluntary Declaration of Assets \u2013 AlProfit Consult","isPartOf":{"@id":"https:\/\/alprofitconsult.al\/#website"},"primaryImageOfPage":{"@id":"https:\/\/alprofitconsult.al\/en\/projektligji-per-amnistine-fiskale-dhe-penale-per-subjektet-qe-bejne-deklarim-vullnetar-te-pasurive\/#primaryimage"},"image":{"@id":"https:\/\/alprofitconsult.al\/en\/projektligji-per-amnistine-fiskale-dhe-penale-per-subjektet-qe-bejne-deklarim-vullnetar-te-pasurive\/#primaryimage"},"thumbnailUrl":"https:\/\/alprofitconsult.al\/wp-content\/uploads\/2020\/07\/maxresdefault.jpg","datePublished":"2020-07-07T21:52:38+00:00","breadcrumb":{"@id":"https:\/\/alprofitconsult.al\/en\/projektligji-per-amnistine-fiskale-dhe-penale-per-subjektet-qe-bejne-deklarim-vullnetar-te-pasurive\/#breadcrumb"},"inLanguage":"en-US","potentialAction":[{"@type":"ReadAction","target":["https:\/\/alprofitconsult.al\/en\/projektligji-per-amnistine-fiskale-dhe-penale-per-subjektet-qe-bejne-deklarim-vullnetar-te-pasurive\/"]}]},{"@type":"ImageObject","inLanguage":"en-US","@id":"https:\/\/alprofitconsult.al\/en\/projektligji-per-amnistine-fiskale-dhe-penale-per-subjektet-qe-bejne-deklarim-vullnetar-te-pasurive\/#primaryimage","url":"https:\/\/alprofitconsult.al\/wp-content\/uploads\/2020\/07\/maxresdefault.jpg","contentUrl":"https:\/\/alprofitconsult.al\/wp-content\/uploads\/2020\/07\/maxresdefault.jpg","width":1280,"height":720},{"@type":"BreadcrumbList","@id":"https:\/\/alprofitconsult.al\/en\/projektligji-per-amnistine-fiskale-dhe-penale-per-subjektet-qe-bejne-deklarim-vullnetar-te-pasurive\/#breadcrumb","itemListElement":[{"@type":"ListItem","position":1,"name":"Kryefaqe","item":"https:\/\/alprofitconsult.al\/"},{"@type":"ListItem","position":2,"name":"Projektligji p\u00ebr Amnistin\u00eb Fiskale Dhe Penale P\u00ebr Subjektet Q\u00eb B\u00ebjn\u00eb Deklarim Vullnetar T\u00eb Pasurive"}]},{"@type":"WebSite","@id":"https:\/\/alprofitconsult.al\/#website","url":"https:\/\/alprofitconsult.al\/","name":"AlProfit Consult","description":"Accounting Office","publisher":{"@id":"https:\/\/alprofitconsult.al\/#organization"},"potentialAction":[{"@type":"SearchAction","target":{"@type":"EntryPoint","urlTemplate":"https:\/\/alprofitconsult.al\/?s={search_term_string}"},"query-input":{"@type":"PropertyValueSpecification","valueRequired":true,"valueName":"search_term_string"}}],"inLanguage":"en-US"},{"@type":"Organization","@id":"https:\/\/alprofitconsult.al\/#organization","name":"Alprofit Consult","url":"https:\/\/alprofitconsult.al\/","logo":{"@type":"ImageObject","inLanguage":"en-US","@id":"https:\/\/alprofitconsult.al\/#\/schema\/logo\/image\/","url":"https:\/\/alprofitconsult.al\/wp-content\/uploads\/2022\/10\/logoalprofit.png","contentUrl":"https:\/\/alprofitconsult.al\/wp-content\/uploads\/2022\/10\/logoalprofit.png","width":529,"height":156,"caption":"Alprofit Consult"},"image":{"@id":"https:\/\/alprofitconsult.al\/#\/schema\/logo\/image\/"},"sameAs":["https:\/\/www.facebook.com\/AlProfitConsult\/","https:\/\/x.com\/AlProfitConsult","https:\/\/www.linkedin.com\/company\/andi-haxhillari\/","https:\/\/www.pinterest.com\/AlProfitConsult\/","https:\/\/www.youtube.com\/channel\/UCZ5Gfntn161Nla3g1XdRldA","https:\/\/sq.wikipedia.org\/wiki\/P\u00ebrdoruesi:Andi25~sqwiki"]},{"@type":"Person","@id":"https:\/\/alprofitconsult.al\/#\/schema\/person\/6b9ac6ae1535adaed60182dcc6afd3ce","name":"administrator","image":{"@type":"ImageObject","inLanguage":"en-US","@id":"https:\/\/alprofitconsult.al\/#\/schema\/person\/image\/","url":"https:\/\/secure.gravatar.com\/avatar\/7a874d9ff0fc8c6c429bcdb7445d037ce6ea37a42090de7c389e943deb01743c?s=96&d=mm&r=g","contentUrl":"https:\/\/secure.gravatar.com\/avatar\/7a874d9ff0fc8c6c429bcdb7445d037ce6ea37a42090de7c389e943deb01743c?s=96&d=mm&r=g","caption":"admin"},"sameAs":["https:\/\/alprofitconsult.al\/","https:\/\/www.facebook.com\/AlProfitConsult\/","https:\/\/www.instagram.com\/alprofitconsult\/"],"url":"https:\/\/alprofitconsult.al\/en\/author\/admin\/"}]}},"_links":{"self":[{"href":"https:\/\/alprofitconsult.al\/en\/wp-json\/wp\/v2\/posts\/12789","targetHints":{"allow":["GET"]}}],"collection":[{"href":"https:\/\/alprofitconsult.al\/en\/wp-json\/wp\/v2\/posts"}],"about":[{"href":"https:\/\/alprofitconsult.al\/en\/wp-json\/wp\/v2\/types\/post"}],"author":[{"embeddable":true,"href":"https:\/\/alprofitconsult.al\/en\/wp-json\/wp\/v2\/users\/1"}],"replies":[{"embeddable":true,"href":"https:\/\/alprofitconsult.al\/en\/wp-json\/wp\/v2\/comments?post=12789"}],"version-history":[{"count":1,"href":"https:\/\/alprofitconsult.al\/en\/wp-json\/wp\/v2\/posts\/12789\/revisions"}],"predecessor-version":[{"id":12793,"href":"https:\/\/alprofitconsult.al\/en\/wp-json\/wp\/v2\/posts\/12789\/revisions\/12793"}],"wp:featuredmedia":[{"embeddable":true,"href":"https:\/\/alprofitconsult.al\/en\/wp-json\/wp\/v2\/media\/12792"}],"wp:attachment":[{"href":"https:\/\/alprofitconsult.al\/en\/wp-json\/wp\/v2\/media?parent=12789"}],"wp:term":[{"taxonomy":"category","embeddable":true,"href":"https:\/\/alprofitconsult.al\/en\/wp-json\/wp\/v2\/categories?post=12789"},{"taxonomy":"post_tag","embeddable":true,"href":"https:\/\/alprofitconsult.al\/en\/wp-json\/wp\/v2\/tags?post=12789"}],"curies":[{"name":"wp","href":"https:\/\/api.w.org\/{rel}","templated":true}]}}