{"id":13291,"date":"2021-03-26T08:08:38","date_gmt":"2021-03-26T08:08:38","guid":{"rendered":"https:\/\/alprofitconsult.al\/?p=13291"},"modified":"2021-03-26T08:08:38","modified_gmt":"2021-03-26T08:08:38","slug":"il-consiglio-dei-ministri-approva-la-proroga-per-la-registrazione-dei-titolari-effettivi","status":"publish","type":"post","link":"https:\/\/alprofitconsult.al\/it\/keshilli-i-ministrave-miraton-shtyrjen-per-regjistrimin-e-pronareve-perfitues\/","title":{"rendered":"Il Consiglio dei ministri approva la proroga del termine per la registrazione dei titolari effettivi."},"content":{"rendered":"<p>Il Consiglio dei Ministri ha approvato, nella sua ultima riunione, il decreto d\u2019urgenza che proroga il termine per la presentazione del registro dei titolari effettivi. Il nuovo termine \u00e8 fissato al 30 giugno, anzich\u00e9 al 31 marzo come previsto nel progetto di legge originario.<\/p>\n<p>Ai sensi della legge: all'articolo 15, le parole<\/p>\n<blockquote><p>\u201c\u2026 entro e non oltre 60 giorni di calendario dalla creazione del registro, come definito al paragrafo 2 del presente articolo \u2026\u201d<\/p><\/blockquote>\n<p>vengono sostituiti da<\/p>\n<blockquote><p>\u201c\u2026 entro il 30 giugno 2021 \u2026\u201d<\/p><\/blockquote>\n<p>Il presente atto normativo entra in vigore immediatamente ed \u00e8 pubblicato nella Gazzetta Ufficiale.\u201c<\/p>\n<p>La legge prevede inoltre altre modifiche, quali l\u2019estensione della validit\u00e0 dei documenti di provenienza estera fino a 90 giorni (da un mese, come previsto dalla legge attuale), a seguito delle lamentele delle imprese straniere secondo cui \u00e8 impossibile per un soggetto straniero ottenere la documentazione necessaria nel paese di origine, farla apostillare, tradurla ufficialmente in albanese e farla autenticare da un notaio in un lasso di tempo cos\u00ec breve.<\/p>\n<p>Questa proroga fa seguito alle numerose lamentele avanzate dalle associazioni imprenditoriali, che hanno espresso preoccupazione per le difficolt\u00e0 incontrate nella dichiarazione dei titolari effettivi, in particolare di quelli stranieri. Undici Camere di Commercio e associazioni imprenditoriali, per lo pi\u00f9 straniere, hanno inviato una lettera all'inizio di marzo al Ministro delle Finanze, Anila Denaj, a due commissioni parlamentari e, per conoscenza, al Primo Ministro Edi Rama, chiedendo una proroga del termine per la dichiarazione delle informazioni sulla titolarit\u00e0 effettiva.<\/p>\n<p>Il Centro Nazionale per le Imprese (NBS) riferisce che, complessivamente, vi sono circa 55.000 soggetti (imprese commerciali e ONG) tenuti a registrare il proprio titolare effettivo. La sanzione per la mancata presentazione della dichiarazione \u00e8 di 500.000 lek\u00eb (circa 4.000 euro). L'obbligo di presentare tale dichiarazione si applica anche a tutte le entit\u00e0 o organizzazioni senza scopo di lucro che si trovano in uno stato di inattivit\u00e0, con l'esclusione delle sole entit\u00e0 che sono state cancellate dal registro. La dichiarazione non riguarda solo le persone fisiche.<\/p>\n<p>La legge in materia di <a href=\"https:\/\/alprofitconsult.al\/wp-content\/uploads\/2020\/12\/2020-_PER-REGJISTRIN-E-PRONAREVE-PERFITUES_.pdf\">\u201cRegistrazione dei titolari effettivi\u201d<\/a>, come previsto dal Meccanismo europeo <a href=\"https:\/\/www.coe.int\/en\/web\/moneyval\/moneyval-brief\">Moneyval<\/a> con l'obiettivo di contrastare il riciclaggio di denaro, \u00e8 stata approvata nell'agosto 2020, mentre la direttiva che ne disciplina il funzionamento \u00e8 stata adottata nel dicembre 2020. La legge, volta a garantire la trasparenza in merito agli azionisti delle cosiddette entit\u00e0 offshore (con proprietari sconosciuti), ha previsto un mese di tempo per la creazione del Registro dei Titolari Effettivi (RPP), entro il 31 gennaio, un processo che \u00e8 stato portato a termine dall\u2019Agenzia Nazionale per le Informazioni Societarie (AKSHI). Una volta creato il registro, i soggetti obbligati hanno un termine di 60 giorni per registrare il o i titolari effettivi. Tuttavia, questo processo sta incontrando numerose difficolt\u00e0, Dalle funzionalit\u00e0 della piattaforma alle ambiguit\u00e0 tecniche riguardanti il titolare effettivo di una ONG, al tempo necessario per ottenere la documentazione per gli investitori stranieri, all'identificazione delle societ\u00e0 straniere quotate in varie borse valori, e persino delle societ\u00e0 in cui il titolare effettivo non \u00e8 una persona fisica ma uno Stato straniero. Di conseguenza, le imprese ne hanno chiesto il rinvio, in particolare poich\u00e9 il mese di marzo coincide anche con la presentazione dei bilanci annuali, aumentando cos\u00ec l\u2019onere a carico dei finanziatori.<\/p>\n<p>Per \u00abtitolare effettivo\u00bb, secondo la definizione di legge, si intende la persona fisica che detiene o controlla in ultima istanza, direttamente o indirettamente, il 25% o pi\u00f9 di: azioni o quote; partecipazioni al capitale del soggetto; diritti di voto; oppure che trae vantaggio dalle operazioni effettuate dal soggetto per suo conto.<\/p>\n<blockquote><p><em>Atto normativo<\/em><\/p>\n<p><em>Per<\/em><\/p>\n<p><em>alcune modifiche e integrazioni alla legge n. 112\/2020, <a href=\"https:\/\/alprofitconsult.al\/wp-content\/uploads\/2020\/12\/2020-_PER-REGJISTRIN-E-PRONAREVE-PERFITUES_.pdf\">\u201cPer il Registro dei titolari effettivi\u201d<\/a><\/em><\/p>\n<p><em>In applicazione dell'articolo 101 della Costituzione, su proposta del Ministro delle Finanze e dell'Economia, il Consiglio dei Ministri<\/em><\/p>\n<p><em>H A M O D E C I S O:<\/em><\/p>\n<p><em>Nella legge n. 112\/2020, <a href=\"https:\/\/alprofitconsult.al\/wp-content\/uploads\/2020\/12\/2020-_PER-REGJISTRIN-E-PRONAREVE-PERFITUES_.pdf\">\u201cPer il registro dei titolari effettivi\u201d<\/a>, Sono state apportate le seguenti modifiche e integrazioni:<\/em><\/p>\n<p><em>Articolo 1<\/em><\/p>\n<p><em>All'articolo 2, punto 2, lettera c), le parole \u201c\u2026 comunit\u00e0 religiose \u2026\u201d sono sostituite dalle parole \u201c\u2026 organismi religiosi \u2026\u201d.<\/em><\/p>\n<p>&nbsp;<\/p>\n<p><em>Articolo 2<\/em><\/p>\n<p><em>Alla sezione 3.2.1 dell'articolo 4 sono apportate le seguenti modifiche e integrazioni:<\/em><\/p>\n<p>&nbsp;<\/p>\n<ol>\n<li><em>Le parole \u201c\u2026 indirizzo di residenza permanente \u2026\u201d sono sostituite con \u201c\u2026 indirizzo di residenza abituale \u2026\u201d.<\/em><\/li>\n<\/ol>\n<p>&nbsp;<\/p>\n<ol start=\"2\">\n<li><em>Alla lettera \u201cc)\u201d, dopo il comma \u201cdata di rilascio e data di scadenza del documento di viaggio\u201d, \u00e8 aggiunto il seguente comma:<\/em><\/li>\n<\/ol>\n<p>&nbsp;<\/p>\n<p><em>\u201c- indirizzo di residenza.\u201d.<\/em><\/p>\n<p>&nbsp;<\/p>\n<p><em>Articolo 3<\/em><\/p>\n<p><em>All'articolo 5, paragrafo 3, lettera b), le parole \u201c\u2026 entro 30 giorni \u2026\u201d sono sostituite da \u201c\u2026 entro 90 giorni \u2026\u201d.<\/em><\/p>\n<p>&nbsp;<\/p>\n<p><em>Articolo 4<\/em><\/p>\n<p><em>All'articolo 14, punto 1, le parole \u201c\u2026 al punto 5.1 \u2026\u201d sono sostituite da \u201c\u2026 al punto 3.1 \u2026\u201d.<\/em><\/p>\n<p>&nbsp;<\/p>\n<p><em>Articolo 5<\/em><\/p>\n<p><em>All'articolo 15, le parole \u201c\u2026 entro 60 giorni di calendario dall'istituzione del registro, come definito al paragrafo 2 del presente articolo \u2026\u201d sono sostituite da \u201c\u2026 entro il 30 giugno 2021 \u2026\u201d.<\/em><\/p>\n<p>&nbsp;<\/p>\n<p><em>Articolo 6<\/em><\/p>\n<p><em>Entrata in vigore<\/em><\/p>\n<p><em>Il presente atto normativo entra in vigore immediatamente ed \u00e8 pubblicato nella Gazzetta Ufficiale.<\/em><\/p><\/blockquote>\n<p>Fonte: <a href=\"https:\/\/www.monitor.al\/keshilli-i-ministrave-miraton-shtyrjen-per-regjistrimin-e-pronareve-perfitues-hyn-menjehere-ne-fuqi\/?fbclid=IwAR0p-V_uaY44sWcLpdsgOqrZ1s7fga7sgH4upyMsM2mkCJkfEklPa9F5LmE\">Rivista Monitor.<\/a><\/p>\n<hr \/>\n<p>Siamo qui per aiutarti e troviamo sempre il tempo per rispondere a qualsiasi tua domanda. Non esitare a chiamarci o a scriverci in qualsiasi momento per qualsiasi questione in cui possiamo esserti d'aiuto.\u00a0\u00a0<a class=\"gdlr-core-button gdlr-core-button-shortcode gdlr-core-button-gradient gdlr-core-button-no-border\" href=\"https:\/\/alprofitconsult.al\/it\/contatti\/\" target=\"_blank\" rel=\"noopener noreferrer\"><span class=\"gdlr-core-content\">Contattaci<\/span><\/a><\/p>","protected":false},"excerpt":{"rendered":"<p>K\u00ebshilli i Ministrave ka miratuar n\u00eb mbledhjen e fundit aktin normativ p\u00ebr shtyrjen e afatit t\u00eb deklarimit t\u00eb regjistrit t\u00eb pronar\u00ebve p\u00ebrfitues. Afati i ri \u00ebsht\u00eb 30 qershori, nga 31 marsi q\u00eb parashikohej n\u00eb variantin fillestar t\u00eb ligjit. Sipas Aktit: N\u00eb nenin 15, fjal\u00ebt \u201c\u2026 jo m\u00eb von\u00eb se 60 dit\u00eb kalendarike nga krijimi i [&hellip;]<\/p>\n","protected":false},"author":1,"featured_media":13292,"comment_status":"open","ping_status":"open","sticky":false,"template":"","format":"standard","meta":{"footnotes":""},"categories":[1],"tags":[110,247,219,123,246],"class_list":["post-13291","post","type-post","status-publish","format-standard","has-post-thumbnail","hentry","category-uncategorized","tag-afate","tag-akshi","tag-pronari-perfitues","tag-qkb","tag-shtyrje"],"yoast_head":"<!-- This site is optimized with the Yoast SEO plugin v26.5 - https:\/\/yoast.com\/wordpress\/plugins\/seo\/ -->\n<title>K\u00ebshilli i Ministrave miraton shtyrjen p\u00ebr regjistrimin e pronar\u00ebve p\u00ebrfitues. - AlProfit Consult<\/title>\n<meta name=\"robots\" content=\"index, follow, max-snippet:-1, max-image-preview:large, max-video-preview:-1\" \/>\n<link rel=\"canonical\" href=\"https:\/\/alprofitconsult.al\/it\/il-consiglio-dei-ministri-approva-la-proroga-per-la-registrazione-dei-titolari-effettivi\/\" \/>\n<meta property=\"og:locale\" content=\"it_IT\" \/>\n<meta property=\"og:type\" content=\"article\" \/>\n<meta property=\"og:title\" content=\"K\u00ebshilli i Ministrave miraton shtyrjen p\u00ebr regjistrimin e pronar\u00ebve p\u00ebrfitues. - AlProfit Consult\" \/>\n<meta property=\"og:description\" content=\"K\u00ebshilli i Ministrave ka miratuar n\u00eb mbledhjen e fundit aktin normativ p\u00ebr shtyrjen e afatit t\u00eb deklarimit t\u00eb regjistrit t\u00eb pronar\u00ebve p\u00ebrfitues. Afati i ri \u00ebsht\u00eb 30 qershori, nga 31 marsi q\u00eb parashikohej n\u00eb variantin fillestar t\u00eb ligjit. Sipas Aktit: N\u00eb nenin 15, fjal\u00ebt \u201c\u2026 jo m\u00eb von\u00eb se 60 dit\u00eb kalendarike nga krijimi i [&hellip;]\" \/>\n<meta property=\"og:url\" content=\"https:\/\/alprofitconsult.al\/it\/il-consiglio-dei-ministri-approva-la-proroga-per-la-registrazione-dei-titolari-effettivi\/\" \/>\n<meta property=\"og:site_name\" content=\"AlProfit Consult\" \/>\n<meta property=\"article:publisher\" content=\"https:\/\/www.facebook.com\/AlProfitConsult\/\" \/>\n<meta property=\"article:author\" content=\"https:\/\/www.facebook.com\/AlProfitConsult\/\" \/>\n<meta property=\"article:published_time\" content=\"2021-03-26T08:08:38+00:00\" \/>\n<meta property=\"og:image\" content=\"https:\/\/alprofitconsult.al\/wp-content\/uploads\/2021\/03\/0_IEasCnzabdYCnVqF.jpg\" \/>\n\t<meta property=\"og:image:width\" content=\"1920\" \/>\n\t<meta property=\"og:image:height\" content=\"800\" \/>\n\t<meta property=\"og:image:type\" content=\"image\/jpeg\" \/>\n<meta name=\"author\" content=\"admin\" \/>\n<meta name=\"twitter:card\" content=\"summary_large_image\" \/>\n<meta name=\"twitter:creator\" content=\"@AlProfitConsult\" \/>\n<meta name=\"twitter:site\" content=\"@AlProfitConsult\" \/>\n<meta name=\"twitter:label1\" content=\"Scritto da\" \/>\n\t<meta name=\"twitter:data1\" content=\"admin\" \/>\n\t<meta name=\"twitter:label2\" content=\"Tempo di lettura stimato\" \/>\n\t<meta name=\"twitter:data2\" content=\"4 minuti\" \/>\n<script type=\"application\/ld+json\" class=\"yoast-schema-graph\">{\"@context\":\"https:\/\/schema.org\",\"@graph\":[{\"@type\":\"Article\",\"@id\":\"https:\/\/alprofitconsult.al\/en\/keshilli-i-ministrave-miraton-shtyrjen-per-regjistrimin-e-pronareve-perfitues\/#article\",\"isPartOf\":{\"@id\":\"https:\/\/alprofitconsult.al\/en\/keshilli-i-ministrave-miraton-shtyrjen-per-regjistrimin-e-pronareve-perfitues\/\"},\"author\":{\"name\":\"admin\",\"@id\":\"https:\/\/alprofitconsult.al\/#\/schema\/person\/6b9ac6ae1535adaed60182dcc6afd3ce\"},\"headline\":\"K\u00ebshilli i Ministrave miraton shtyrjen p\u00ebr regjistrimin e pronar\u00ebve p\u00ebrfitues.\",\"datePublished\":\"2021-03-26T08:08:38+00:00\",\"mainEntityOfPage\":{\"@id\":\"https:\/\/alprofitconsult.al\/en\/keshilli-i-ministrave-miraton-shtyrjen-per-regjistrimin-e-pronareve-perfitues\/\"},\"wordCount\":906,\"commentCount\":0,\"publisher\":{\"@id\":\"https:\/\/alprofitconsult.al\/#organization\"},\"image\":{\"@id\":\"https:\/\/alprofitconsult.al\/en\/keshilli-i-ministrave-miraton-shtyrjen-per-regjistrimin-e-pronareve-perfitues\/#primaryimage\"},\"thumbnailUrl\":\"https:\/\/alprofitconsult.al\/wp-content\/uploads\/2021\/03\/0_IEasCnzabdYCnVqF.jpg\",\"keywords\":[\"Afate\",\"AKSHI\",\"Pronari p\u00ebrfitues\",\"QKB\",\"Shtyrje\"],\"articleSection\":[\"T\u00eb tjera\"],\"inLanguage\":\"it-IT\",\"potentialAction\":[{\"@type\":\"CommentAction\",\"name\":\"Comment\",\"target\":[\"https:\/\/alprofitconsult.al\/en\/keshilli-i-ministrave-miraton-shtyrjen-per-regjistrimin-e-pronareve-perfitues\/#respond\"]}]},{\"@type\":\"WebPage\",\"@id\":\"https:\/\/alprofitconsult.al\/en\/keshilli-i-ministrave-miraton-shtyrjen-per-regjistrimin-e-pronareve-perfitues\/\",\"url\":\"https:\/\/alprofitconsult.al\/en\/keshilli-i-ministrave-miraton-shtyrjen-per-regjistrimin-e-pronareve-perfitues\/\",\"name\":\"K\u00ebshilli i Ministrave miraton shtyrjen p\u00ebr regjistrimin e pronar\u00ebve p\u00ebrfitues. - AlProfit Consult\",\"isPartOf\":{\"@id\":\"https:\/\/alprofitconsult.al\/#website\"},\"primaryImageOfPage\":{\"@id\":\"https:\/\/alprofitconsult.al\/en\/keshilli-i-ministrave-miraton-shtyrjen-per-regjistrimin-e-pronareve-perfitues\/#primaryimage\"},\"image\":{\"@id\":\"https:\/\/alprofitconsult.al\/en\/keshilli-i-ministrave-miraton-shtyrjen-per-regjistrimin-e-pronareve-perfitues\/#primaryimage\"},\"thumbnailUrl\":\"https:\/\/alprofitconsult.al\/wp-content\/uploads\/2021\/03\/0_IEasCnzabdYCnVqF.jpg\",\"datePublished\":\"2021-03-26T08:08:38+00:00\",\"breadcrumb\":{\"@id\":\"https:\/\/alprofitconsult.al\/en\/keshilli-i-ministrave-miraton-shtyrjen-per-regjistrimin-e-pronareve-perfitues\/#breadcrumb\"},\"inLanguage\":\"it-IT\",\"potentialAction\":[{\"@type\":\"ReadAction\",\"target\":[\"https:\/\/alprofitconsult.al\/en\/keshilli-i-ministrave-miraton-shtyrjen-per-regjistrimin-e-pronareve-perfitues\/\"]}]},{\"@type\":\"ImageObject\",\"inLanguage\":\"it-IT\",\"@id\":\"https:\/\/alprofitconsult.al\/en\/keshilli-i-ministrave-miraton-shtyrjen-per-regjistrimin-e-pronareve-perfitues\/#primaryimage\",\"url\":\"https:\/\/alprofitconsult.al\/wp-content\/uploads\/2021\/03\/0_IEasCnzabdYCnVqF.jpg\",\"contentUrl\":\"https:\/\/alprofitconsult.al\/wp-content\/uploads\/2021\/03\/0_IEasCnzabdYCnVqF.jpg\",\"width\":1920,\"height\":800},{\"@type\":\"BreadcrumbList\",\"@id\":\"https:\/\/alprofitconsult.al\/en\/keshilli-i-ministrave-miraton-shtyrjen-per-regjistrimin-e-pronareve-perfitues\/#breadcrumb\",\"itemListElement\":[{\"@type\":\"ListItem\",\"position\":1,\"name\":\"Kryefaqe\",\"item\":\"https:\/\/alprofitconsult.al\/\"},{\"@type\":\"ListItem\",\"position\":2,\"name\":\"K\u00ebshilli i Ministrave miraton shtyrjen p\u00ebr regjistrimin e pronar\u00ebve p\u00ebrfitues.\"}]},{\"@type\":\"WebSite\",\"@id\":\"https:\/\/alprofitconsult.al\/#website\",\"url\":\"https:\/\/alprofitconsult.al\/\",\"name\":\"AlProfit Consult\",\"description\":\"Zyr\u00eb Kontabiliteti\",\"publisher\":{\"@id\":\"https:\/\/alprofitconsult.al\/#organization\"},\"potentialAction\":[{\"@type\":\"SearchAction\",\"target\":{\"@type\":\"EntryPoint\",\"urlTemplate\":\"https:\/\/alprofitconsult.al\/?s={search_term_string}\"},\"query-input\":{\"@type\":\"PropertyValueSpecification\",\"valueRequired\":true,\"valueName\":\"search_term_string\"}}],\"inLanguage\":\"it-IT\"},{\"@type\":\"Organization\",\"@id\":\"https:\/\/alprofitconsult.al\/#organization\",\"name\":\"Alprofit Consult\",\"url\":\"https:\/\/alprofitconsult.al\/\",\"logo\":{\"@type\":\"ImageObject\",\"inLanguage\":\"it-IT\",\"@id\":\"https:\/\/alprofitconsult.al\/#\/schema\/logo\/image\/\",\"url\":\"https:\/\/alprofitconsult.al\/wp-content\/uploads\/2022\/10\/logoalprofit.png\",\"contentUrl\":\"https:\/\/alprofitconsult.al\/wp-content\/uploads\/2022\/10\/logoalprofit.png\",\"width\":529,\"height\":156,\"caption\":\"Alprofit Consult\"},\"image\":{\"@id\":\"https:\/\/alprofitconsult.al\/#\/schema\/logo\/image\/\"},\"sameAs\":[\"https:\/\/www.facebook.com\/AlProfitConsult\/\",\"https:\/\/x.com\/AlProfitConsult\",\"https:\/\/www.linkedin.com\/company\/andi-haxhillari\/\",\"https:\/\/www.pinterest.com\/AlProfitConsult\/\",\"https:\/\/www.youtube.com\/channel\/UCZ5Gfntn161Nla3g1XdRldA\",\"https:\/\/sq.wikipedia.org\/wiki\/P\u00ebrdoruesi:Andi25~sqwiki\"]},{\"@type\":\"Person\",\"@id\":\"https:\/\/alprofitconsult.al\/#\/schema\/person\/6b9ac6ae1535adaed60182dcc6afd3ce\",\"name\":\"admin\",\"image\":{\"@type\":\"ImageObject\",\"inLanguage\":\"it-IT\",\"@id\":\"https:\/\/alprofitconsult.al\/#\/schema\/person\/image\/\",\"url\":\"https:\/\/secure.gravatar.com\/avatar\/7a874d9ff0fc8c6c429bcdb7445d037ce6ea37a42090de7c389e943deb01743c?s=96&d=mm&r=g\",\"contentUrl\":\"https:\/\/secure.gravatar.com\/avatar\/7a874d9ff0fc8c6c429bcdb7445d037ce6ea37a42090de7c389e943deb01743c?s=96&d=mm&r=g\",\"caption\":\"admin\"},\"sameAs\":[\"https:\/\/alprofitconsult.al\/\",\"https:\/\/www.facebook.com\/AlProfitConsult\/\",\"https:\/\/www.instagram.com\/alprofitconsult\/\"],\"url\":\"https:\/\/alprofitconsult.al\/it\/author\/admin\/\"}]}<\/script>\n<!-- \/ Yoast SEO plugin. -->","yoast_head_json":{"title":"Il Consiglio dei ministri approva la proroga del termine per la registrazione dei titolari effettivi. - AlProfit Consult","robots":{"index":"index","follow":"follow","max-snippet":"max-snippet:-1","max-image-preview":"max-image-preview:large","max-video-preview":"max-video-preview:-1"},"canonical":"https:\/\/alprofitconsult.al\/it\/il-consiglio-dei-ministri-approva-la-proroga-per-la-registrazione-dei-titolari-effettivi\/","og_locale":"it_IT","og_type":"article","og_title":"K\u00ebshilli i Ministrave miraton shtyrjen p\u00ebr regjistrimin e pronar\u00ebve p\u00ebrfitues. - AlProfit Consult","og_description":"K\u00ebshilli i Ministrave ka miratuar n\u00eb mbledhjen e fundit aktin normativ p\u00ebr shtyrjen e afatit t\u00eb deklarimit t\u00eb regjistrit t\u00eb pronar\u00ebve p\u00ebrfitues. Afati i ri \u00ebsht\u00eb 30 qershori, nga 31 marsi q\u00eb parashikohej n\u00eb variantin fillestar t\u00eb ligjit. Sipas Aktit: N\u00eb nenin 15, fjal\u00ebt \u201c\u2026 jo m\u00eb von\u00eb se 60 dit\u00eb kalendarike nga krijimi i [&hellip;]","og_url":"https:\/\/alprofitconsult.al\/it\/il-consiglio-dei-ministri-approva-la-proroga-per-la-registrazione-dei-titolari-effettivi\/","og_site_name":"AlProfit Consult","article_publisher":"https:\/\/www.facebook.com\/AlProfitConsult\/","article_author":"https:\/\/www.facebook.com\/AlProfitConsult\/","article_published_time":"2021-03-26T08:08:38+00:00","og_image":[{"width":1920,"height":800,"url":"https:\/\/alprofitconsult.al\/wp-content\/uploads\/2021\/03\/0_IEasCnzabdYCnVqF.jpg","type":"image\/jpeg"}],"author":"admin","twitter_card":"summary_large_image","twitter_creator":"@AlProfitConsult","twitter_site":"@AlProfitConsult","twitter_misc":{"Scritto da":"admin","Tempo di lettura stimato":"4 minuti"},"schema":{"@context":"https:\/\/schema.org","@graph":[{"@type":"Article","@id":"https:\/\/alprofitconsult.al\/en\/keshilli-i-ministrave-miraton-shtyrjen-per-regjistrimin-e-pronareve-perfitues\/#article","isPartOf":{"@id":"https:\/\/alprofitconsult.al\/en\/keshilli-i-ministrave-miraton-shtyrjen-per-regjistrimin-e-pronareve-perfitues\/"},"author":{"name":"admin","@id":"https:\/\/alprofitconsult.al\/#\/schema\/person\/6b9ac6ae1535adaed60182dcc6afd3ce"},"headline":"K\u00ebshilli i Ministrave miraton shtyrjen p\u00ebr regjistrimin e pronar\u00ebve p\u00ebrfitues.","datePublished":"2021-03-26T08:08:38+00:00","mainEntityOfPage":{"@id":"https:\/\/alprofitconsult.al\/en\/keshilli-i-ministrave-miraton-shtyrjen-per-regjistrimin-e-pronareve-perfitues\/"},"wordCount":906,"commentCount":0,"publisher":{"@id":"https:\/\/alprofitconsult.al\/#organization"},"image":{"@id":"https:\/\/alprofitconsult.al\/en\/keshilli-i-ministrave-miraton-shtyrjen-per-regjistrimin-e-pronareve-perfitues\/#primaryimage"},"thumbnailUrl":"https:\/\/alprofitconsult.al\/wp-content\/uploads\/2021\/03\/0_IEasCnzabdYCnVqF.jpg","keywords":["Afate","AKSHI","Pronari p\u00ebrfitues","QKB","Shtyrje"],"articleSection":["T\u00eb tjera"],"inLanguage":"it-IT","potentialAction":[{"@type":"CommentAction","name":"Comment","target":["https:\/\/alprofitconsult.al\/en\/keshilli-i-ministrave-miraton-shtyrjen-per-regjistrimin-e-pronareve-perfitues\/#respond"]}]},{"@type":"WebPage","@id":"https:\/\/alprofitconsult.al\/en\/keshilli-i-ministrave-miraton-shtyrjen-per-regjistrimin-e-pronareve-perfitues\/","url":"https:\/\/alprofitconsult.al\/en\/keshilli-i-ministrave-miraton-shtyrjen-per-regjistrimin-e-pronareve-perfitues\/","name":"Il Consiglio dei ministri approva la proroga del termine per la registrazione dei titolari effettivi. - AlProfit Consult","isPartOf":{"@id":"https:\/\/alprofitconsult.al\/#website"},"primaryImageOfPage":{"@id":"https:\/\/alprofitconsult.al\/en\/keshilli-i-ministrave-miraton-shtyrjen-per-regjistrimin-e-pronareve-perfitues\/#primaryimage"},"image":{"@id":"https:\/\/alprofitconsult.al\/en\/keshilli-i-ministrave-miraton-shtyrjen-per-regjistrimin-e-pronareve-perfitues\/#primaryimage"},"thumbnailUrl":"https:\/\/alprofitconsult.al\/wp-content\/uploads\/2021\/03\/0_IEasCnzabdYCnVqF.jpg","datePublished":"2021-03-26T08:08:38+00:00","breadcrumb":{"@id":"https:\/\/alprofitconsult.al\/en\/keshilli-i-ministrave-miraton-shtyrjen-per-regjistrimin-e-pronareve-perfitues\/#breadcrumb"},"inLanguage":"it-IT","potentialAction":[{"@type":"ReadAction","target":["https:\/\/alprofitconsult.al\/en\/keshilli-i-ministrave-miraton-shtyrjen-per-regjistrimin-e-pronareve-perfitues\/"]}]},{"@type":"ImageObject","inLanguage":"it-IT","@id":"https:\/\/alprofitconsult.al\/en\/keshilli-i-ministrave-miraton-shtyrjen-per-regjistrimin-e-pronareve-perfitues\/#primaryimage","url":"https:\/\/alprofitconsult.al\/wp-content\/uploads\/2021\/03\/0_IEasCnzabdYCnVqF.jpg","contentUrl":"https:\/\/alprofitconsult.al\/wp-content\/uploads\/2021\/03\/0_IEasCnzabdYCnVqF.jpg","width":1920,"height":800},{"@type":"BreadcrumbList","@id":"https:\/\/alprofitconsult.al\/en\/keshilli-i-ministrave-miraton-shtyrjen-per-regjistrimin-e-pronareve-perfitues\/#breadcrumb","itemListElement":[{"@type":"ListItem","position":1,"name":"Kryefaqe","item":"https:\/\/alprofitconsult.al\/"},{"@type":"ListItem","position":2,"name":"K\u00ebshilli i Ministrave miraton shtyrjen p\u00ebr regjistrimin e pronar\u00ebve p\u00ebrfitues."}]},{"@type":"WebSite","@id":"https:\/\/alprofitconsult.al\/#website","url":"https:\/\/alprofitconsult.al\/","name":"AlProfit Consult","description":"Ufficio contabilit\u00e0","publisher":{"@id":"https:\/\/alprofitconsult.al\/#organization"},"potentialAction":[{"@type":"SearchAction","target":{"@type":"EntryPoint","urlTemplate":"https:\/\/alprofitconsult.al\/?s={search_term_string}"},"query-input":{"@type":"PropertyValueSpecification","valueRequired":true,"valueName":"search_term_string"}}],"inLanguage":"it-IT"},{"@type":"Organization","@id":"https:\/\/alprofitconsult.al\/#organization","name":"Alprofit Consult","url":"https:\/\/alprofitconsult.al\/","logo":{"@type":"ImageObject","inLanguage":"it-IT","@id":"https:\/\/alprofitconsult.al\/#\/schema\/logo\/image\/","url":"https:\/\/alprofitconsult.al\/wp-content\/uploads\/2022\/10\/logoalprofit.png","contentUrl":"https:\/\/alprofitconsult.al\/wp-content\/uploads\/2022\/10\/logoalprofit.png","width":529,"height":156,"caption":"Alprofit Consult"},"image":{"@id":"https:\/\/alprofitconsult.al\/#\/schema\/logo\/image\/"},"sameAs":["https:\/\/www.facebook.com\/AlProfitConsult\/","https:\/\/x.com\/AlProfitConsult","https:\/\/www.linkedin.com\/company\/andi-haxhillari\/","https:\/\/www.pinterest.com\/AlProfitConsult\/","https:\/\/www.youtube.com\/channel\/UCZ5Gfntn161Nla3g1XdRldA","https:\/\/sq.wikipedia.org\/wiki\/P\u00ebrdoruesi:Andi25~sqwiki"]},{"@type":"Person","@id":"https:\/\/alprofitconsult.al\/#\/schema\/person\/6b9ac6ae1535adaed60182dcc6afd3ce","name":"Amministratore","image":{"@type":"ImageObject","inLanguage":"it-IT","@id":"https:\/\/alprofitconsult.al\/#\/schema\/person\/image\/","url":"https:\/\/secure.gravatar.com\/avatar\/7a874d9ff0fc8c6c429bcdb7445d037ce6ea37a42090de7c389e943deb01743c?s=96&d=mm&r=g","contentUrl":"https:\/\/secure.gravatar.com\/avatar\/7a874d9ff0fc8c6c429bcdb7445d037ce6ea37a42090de7c389e943deb01743c?s=96&d=mm&r=g","caption":"admin"},"sameAs":["https:\/\/alprofitconsult.al\/","https:\/\/www.facebook.com\/AlProfitConsult\/","https:\/\/www.instagram.com\/alprofitconsult\/"],"url":"https:\/\/alprofitconsult.al\/it\/author\/admin\/"}]}},"_links":{"self":[{"href":"https:\/\/alprofitconsult.al\/it\/wp-json\/wp\/v2\/posts\/13291","targetHints":{"allow":["GET"]}}],"collection":[{"href":"https:\/\/alprofitconsult.al\/it\/wp-json\/wp\/v2\/posts"}],"about":[{"href":"https:\/\/alprofitconsult.al\/it\/wp-json\/wp\/v2\/types\/post"}],"author":[{"embeddable":true,"href":"https:\/\/alprofitconsult.al\/it\/wp-json\/wp\/v2\/users\/1"}],"replies":[{"embeddable":true,"href":"https:\/\/alprofitconsult.al\/it\/wp-json\/wp\/v2\/comments?post=13291"}],"version-history":[{"count":3,"href":"https:\/\/alprofitconsult.al\/it\/wp-json\/wp\/v2\/posts\/13291\/revisions"}],"predecessor-version":[{"id":13295,"href":"https:\/\/alprofitconsult.al\/it\/wp-json\/wp\/v2\/posts\/13291\/revisions\/13295"}],"wp:featuredmedia":[{"embeddable":true,"href":"https:\/\/alprofitconsult.al\/it\/wp-json\/wp\/v2\/media\/13292"}],"wp:attachment":[{"href":"https:\/\/alprofitconsult.al\/it\/wp-json\/wp\/v2\/media?parent=13291"}],"wp:term":[{"taxonomy":"category","embeddable":true,"href":"https:\/\/alprofitconsult.al\/it\/wp-json\/wp\/v2\/categories?post=13291"},{"taxonomy":"post_tag","embeddable":true,"href":"https:\/\/alprofitconsult.al\/it\/wp-json\/wp\/v2\/tags?post=13291"}],"curies":[{"name":"wp","href":"https:\/\/api.w.org\/{rel}","templated":true}]}}